{"id":15374,"date":"2018-08-06T17:17:41","date_gmt":"2018-08-06T15:17:41","guid":{"rendered":"http:\/\/erey.fr\/?p=15374"},"modified":"2020-09-18T19:46:16","modified_gmt":"2020-09-18T17:46:16","slug":"le-violet-sinvite","status":"publish","type":"post","link":"https:\/\/erey.fr\/en\/le-violet-sinvite\/","title":{"rendered":"Le Violet s&rsquo;invite"},"content":{"rendered":"<p><img loading=\"lazy\" class=\"alignnone size-medium wp-image-15369\" src=\"http:\/\/erey.fr\/wp-content\/uploads\/2018\/08\/Le-violet-sinvite-297x300.jpg\" alt=\"\" width=\"297\" height=\"300\" srcset=\"https:\/\/erey.fr\/wp-content\/uploads\/2018\/08\/Le-violet-sinvite-297x300.jpg 297w, https:\/\/erey.fr\/wp-content\/uploads\/2018\/08\/Le-violet-sinvite-768x775.jpg 768w, https:\/\/erey.fr\/wp-content\/uploads\/2018\/08\/Le-violet-sinvite-1015x1024.jpg 1015w, https:\/\/erey.fr\/wp-content\/uploads\/2018\/08\/Le-violet-sinvite-600x605.jpg 600w, https:\/\/erey.fr\/wp-content\/uploads\/2018\/08\/Le-violet-sinvite-100x100.jpg 100w\" sizes=\"(max-width: 297px) 100vw, 297px\" \/>\u00a0J&rsquo;ai le d\u00e9sir de faire sortir les formes organiques du fond d\u00e9fini pour qu&rsquo;elles s&rsquo;offrent la libert\u00e9 du mouvement. Une nouvelle couleur s&rsquo;invite l\u2019Am\u00e9thyste, elle apporte clart\u00e9 d&rsquo;esprit. Est-ce que la sagesse n&rsquo;est pas de sortir du cadre \u00e9tabli pour s&rsquo;ouvrir \u00e0 autre chose?<\/p>","protected":false},"excerpt":{"rendered":"<p>\u00a0J&rsquo;ai le d\u00e9sir de faire sortir les formes organiques du fond d\u00e9fini pour qu&rsquo;elles s&rsquo;offrent la libert\u00e9 du mouvement. Une nouvelle couleur s&rsquo;invite l\u2019Am\u00e9thyste, elle apporte clart\u00e9 d&rsquo;esprit. Est-ce que la sagesse n&rsquo;est pas de sortir du cadre \u00e9tabli pour s&rsquo;ouvrir \u00e0 autre chose?<\/p>","protected":false},"author":1,"featured_media":15369,"comment_status":"open","ping_status":"open","sticky":false,"template":"","format":"standard","meta":[],"categories":[11],"tags":[130],"jetpack_featured_media_url":"https:\/\/erey.fr\/wp-content\/uploads\/2018\/08\/Le-violet-sinvite.jpg","_links":{"self":[{"href":"https:\/\/erey.fr\/en\/wp-json\/wp\/v2\/posts\/15374"}],"collection":[{"href":"https:\/\/erey.fr\/en\/wp-json\/wp\/v2\/posts"}],"about":[{"href":"https:\/\/erey.fr\/en\/wp-json\/wp\/v2\/types\/post"}],"author":[{"embeddable":true,"href":"https:\/\/erey.fr\/en\/wp-json\/wp\/v2\/users\/1"}],"replies":[{"embeddable":true,"href":"https:\/\/erey.fr\/en\/wp-json\/wp\/v2\/comments?post=15374"}],"version-history":[{"count":1,"href":"https:\/\/erey.fr\/en\/wp-json\/wp\/v2\/posts\/15374\/revisions"}],"predecessor-version":[{"id":15375,"href":"https:\/\/erey.fr\/en\/wp-json\/wp\/v2\/posts\/15374\/revisions\/15375"}],"wp:featuredmedia":[{"embeddable":true,"href":"https:\/\/erey.fr\/en\/wp-json\/wp\/v2\/media\/15369"}],"wp:attachment":[{"href":"https:\/\/erey.fr\/en\/wp-json\/wp\/v2\/media?parent=15374"}],"wp:term":[{"taxonomy":"category","embeddable":true,"href":"https:\/\/erey.fr\/en\/wp-json\/wp\/v2\/categories?post=15374"},{"taxonomy":"post_tag","embeddable":true,"href":"https:\/\/erey.fr\/en\/wp-json\/wp\/v2\/tags?post=15374"}],"curies":[{"name":"wp","href":"https:\/\/api.w.org\/{rel}","templated":true}]}}