{"id":14881,"date":"2018-04-06T10:00:27","date_gmt":"2018-04-06T08:00:27","guid":{"rendered":"http:\/\/erey.fr\/?p=14881"},"modified":"2018-04-26T15:33:07","modified_gmt":"2018-04-26T13:33:07","slug":"le-bleu-dans-le-rouge","status":"publish","type":"post","link":"https:\/\/erey.fr\/en\/le-bleu-dans-le-rouge\/","title":{"rendered":"Le bleu dans le rouge"},"content":{"rendered":"<div class=\"vc_row wpb_row vc_row-fluid\"><div class=\"wpb_column vc_column_container vc_col-sm-12\"><div class=\"vc_column-inner\"><div class=\"wpb_wrapper\">\r\n\t<div class=\"wpb_text_column wpb_content_element\" >\r\n\t\t<div class=\"wpb_wrapper\">\r\n\t\t\t<h1>Bleu dans le rouge &#8211; Erey &#8211; Artiste Peintre Seyssins<\/h1>\n<h3>Le rouge orang\u00e9 s\u2019est invit\u00e9 comme une \u00e9vidence parce que c\u2019est la couleur compl\u00e9mentaire du bleu turquoise dans le cercle chromatique.<br \/>\nIl m\u2019a rendu tr\u00e8s libre et heureuse dans ma peinture. J\u2019esp\u00e8re que ces tableaux vous mettront dans le m\u00eame \u00e9tat d\u2019esprit.<\/h3>\n<p><!--more--><\/p>\n\r\n\t\t<\/div>\r\n\t<\/div>\r\n<!-- vc_grid start -->\n<div class=\"vc_grid-container-wrapper vc_clearfix\" >\n\t<div class=\"vc_grid-container vc_clearfix wpb_content_element vc_masonry_media_grid\" data-initial-loading-animation=\"zoomIn\" data-vc-grid-settings=\"{&quot;page_id&quot;:14881,&quot;style&quot;:&quot;all-masonry&quot;,&quot;action&quot;:&quot;vc_get_vc_grid_data&quot;,&quot;shortcode_id&quot;:&quot;{\\&quot;failed_to_get_id\\&quot;:\\&quot;vc_gid:1523010044840-3a213a1b-0028-3\\&quot;}&quot;,&quot;tag&quot;:&quot;vc_masonry_media_grid&quot;}\" data-vc-request=\"https:\/\/erey.fr\/wp-admin\/admin-ajax.php\" data-vc-post-id=\"14881\" data-vc-public-nonce=\"cb36e61798\">\n\t<\/div>\n<\/div><!-- vc_grid end -->\n<div class=\"woocommerce columns-4\"><ul class=\"products columns-4\">\n<li class=\"product type-product post-14851 status-publish first instock product_cat-bleu-dans-le-rouge product_tag-acrylique-sur-toile-et-pigments-noirs product_tag-mesures-80cmx80cm has-post-thumbnail shipping-taxable purchasable product-type-simple\">\n\t<div class='dt-sc-one-fourth column  in-stock-product'><div class='product-wrapper'><div class='product-thumb'><a class=\"image\" href=\"https:\/\/erey.fr\/en\/product\/papillon-de-mer\/\" title=\"Papillon de mer\u00a0\"><img width=\"300\" height=\"300\" src=\"https:\/\/erey.fr\/wp-content\/uploads\/2018\/03\/Papillon-de-Mer-Bleu-dans-le-Rouge-Erey-Artiste-Peintre-300x300.jpg\" class=\"attachment-shop_catalog size-shop_catalog wp-post-image\" alt=\"\" loading=\"lazy\" srcset=\"https:\/\/erey.fr\/wp-content\/uploads\/2018\/03\/Papillon-de-Mer-Bleu-dans-le-Rouge-Erey-Artiste-Peintre-300x300.jpg 300w, https:\/\/erey.fr\/wp-content\/uploads\/2018\/03\/Papillon-de-Mer-Bleu-dans-le-Rouge-Erey-Artiste-Peintre-150x150.jpg 150w, https:\/\/erey.fr\/wp-content\/uploads\/2018\/03\/Papillon-de-Mer-Bleu-dans-le-Rouge-Erey-Artiste-Peintre-768x768.jpg 768w, https:\/\/erey.fr\/wp-content\/uploads\/2018\/03\/Papillon-de-Mer-Bleu-dans-le-Rouge-Erey-Artiste-Peintre-450x450.jpg 450w, https:\/\/erey.fr\/wp-content\/uploads\/2018\/03\/Papillon-de-Mer-Bleu-dans-le-Rouge-Erey-Artiste-Peintre-420x420.jpg 420w, https:\/\/erey.fr\/wp-content\/uploads\/2018\/03\/Papillon-de-Mer-Bleu-dans-le-Rouge-Erey-Artiste-Peintre-600x600.jpg 600w, https:\/\/erey.fr\/wp-content\/uploads\/2018\/03\/Papillon-de-Mer-Bleu-dans-le-Rouge-Erey-Artiste-Peintre-100x100.jpg 100w, https:\/\/erey.fr\/wp-content\/uploads\/2018\/03\/Papillon-de-Mer-Bleu-dans-le-Rouge-Erey-Artiste-Peintre.jpg 800w\" sizes=\"(max-width: 300px) 100vw, 300px\" \/><\/a><div class=\"product-buttons-wrapper\"><div class=\"wc_inline_buttons\"><div class=\"wc_cart_btn_wrapper wc_btn_inline\"><a href=\"?add-to-cart=14851\" data-quantity=\"1\" class=\"dt-sc-button too-small button product_type_simple add_to_cart_button ajax_add_to_cart\" data-product_id=\"14851\" data-product_sku=\"\" aria-label=\"Add \u201cPapillon de mer\u00a0\u201d to your cart\" rel=\"nofollow\" data-no-translation=\"\" data-trp-gettext=\"\" data-no-translation-aria-label=\"\">Add to cart<\/a><\/div><\/div><\/div><a class=\"product-content\" href=\"https:\/\/erey.fr\/en\/product\/papillon-de-mer\/\" title=\"Papillon de mer\u00a0\"> <\/a><\/div><div class='product-details'><h5><a href=\"https:\/\/erey.fr\/en\/product\/papillon-de-mer\/\">Papillon de mer\u00a0<\/a><\/h5><span class=\"product-price\">\n\t<span class=\"price\"><span class=\"woocommerce-Price-amount amount\"><bdi><span class=\"woocommerce-Price-currencySymbol\">&euro;<\/span>500.00<\/bdi><\/span><\/span>\n<\/span><div class=\"product-rating-wrapper\"><div><\/div><\/div><\/div><\/li>\n<li class=\"product type-product post-15333 status-publish instock product_cat-bleu-dans-le-rouge product_tag-100cmx100cm product_tag-acrylique-sur-toile-et-pigments-noirs has-post-thumbnail shipping-taxable purchasable product-type-simple\">\n\t<div class='dt-sc-one-fourth column  in-stock-product'><div class='product-wrapper'><div class='product-thumb'><a class=\"image\" href=\"https:\/\/erey.fr\/en\/product\/femme-assise-copie\/\" title=\"Femme Assise\"><img width=\"300\" height=\"300\" src=\"https:\/\/erey.fr\/wp-content\/uploads\/2018\/03\/Femme-assise-Bleu-dans-le-Rouge-Erey-Artiste-Peintre-300x300.jpg\" class=\"attachment-shop_catalog size-shop_catalog wp-post-image\" alt=\"\" loading=\"lazy\" srcset=\"https:\/\/erey.fr\/wp-content\/uploads\/2018\/03\/Femme-assise-Bleu-dans-le-Rouge-Erey-Artiste-Peintre-300x300.jpg 300w, https:\/\/erey.fr\/wp-content\/uploads\/2018\/03\/Femme-assise-Bleu-dans-le-Rouge-Erey-Artiste-Peintre-150x150.jpg 150w, https:\/\/erey.fr\/wp-content\/uploads\/2018\/03\/Femme-assise-Bleu-dans-le-Rouge-Erey-Artiste-Peintre-768x768.jpg 768w, https:\/\/erey.fr\/wp-content\/uploads\/2018\/03\/Femme-assise-Bleu-dans-le-Rouge-Erey-Artiste-Peintre-450x450.jpg 450w, https:\/\/erey.fr\/wp-content\/uploads\/2018\/03\/Femme-assise-Bleu-dans-le-Rouge-Erey-Artiste-Peintre-420x420.jpg 420w, https:\/\/erey.fr\/wp-content\/uploads\/2018\/03\/Femme-assise-Bleu-dans-le-Rouge-Erey-Artiste-Peintre-600x600.jpg 600w, https:\/\/erey.fr\/wp-content\/uploads\/2018\/03\/Femme-assise-Bleu-dans-le-Rouge-Erey-Artiste-Peintre-100x100.jpg 100w, https:\/\/erey.fr\/wp-content\/uploads\/2018\/03\/Femme-assise-Bleu-dans-le-Rouge-Erey-Artiste-Peintre.jpg 800w\" sizes=\"(max-width: 300px) 100vw, 300px\" \/><\/a><div class=\"product-buttons-wrapper\"><div class=\"wc_inline_buttons\"><div class=\"wc_cart_btn_wrapper wc_btn_inline\"><a href=\"?add-to-cart=15333\" data-quantity=\"1\" class=\"dt-sc-button too-small button product_type_simple add_to_cart_button ajax_add_to_cart\" data-product_id=\"15333\" data-product_sku=\"\" aria-label=\"Add \u201cFemme Assise\u201d to your cart\" rel=\"nofollow\" data-no-translation=\"\" data-trp-gettext=\"\" data-no-translation-aria-label=\"\">Add to cart<\/a><\/div><\/div><\/div><a class=\"product-content\" href=\"https:\/\/erey.fr\/en\/product\/femme-assise-copie\/\" title=\"Femme Assise\"> <\/a><\/div><div class='product-details'><h5><a href=\"https:\/\/erey.fr\/en\/product\/femme-assise-copie\/\">Femme Assise<\/a><\/h5><span class=\"product-price\">\n\t<span class=\"price\"><span class=\"woocommerce-Price-amount amount\"><bdi><span class=\"woocommerce-Price-currencySymbol\">&euro;<\/span>600.00<\/bdi><\/span><\/span>\n<\/span><div class=\"product-rating-wrapper\"><div><\/div><\/div><\/div><\/li>\n<li class=\"product type-product post-14852 status-publish outofstock product_cat-bleu-dans-le-rouge product_tag-acrylique-sur-toile-et-pigments-noirs product_tag-mesures-80cmx80cm has-post-thumbnail shipping-taxable product-type-simple\">\n\t<div class='dt-sc-one-fourth column  out-of-stock-product'><div class='product-wrapper'><span class=\"out-of-stock\"><span>Out of Stock<\/span><\/span><div class='product-thumb'><a class=\"image\" href=\"https:\/\/erey.fr\/en\/product\/famille\/\" title=\"Famille Tableau VENDU\"><img width=\"300\" height=\"300\" src=\"https:\/\/erey.fr\/wp-content\/uploads\/2018\/03\/Famille-Bleu-dans-le-Rouge-Erey-Artiste-Peintre-300x300.jpg\" class=\"attachment-shop_catalog size-shop_catalog wp-post-image\" alt=\"\" loading=\"lazy\" srcset=\"https:\/\/erey.fr\/wp-content\/uploads\/2018\/03\/Famille-Bleu-dans-le-Rouge-Erey-Artiste-Peintre-300x300.jpg 300w, https:\/\/erey.fr\/wp-content\/uploads\/2018\/03\/Famille-Bleu-dans-le-Rouge-Erey-Artiste-Peintre-150x150.jpg 150w, https:\/\/erey.fr\/wp-content\/uploads\/2018\/03\/Famille-Bleu-dans-le-Rouge-Erey-Artiste-Peintre-768x768.jpg 768w, https:\/\/erey.fr\/wp-content\/uploads\/2018\/03\/Famille-Bleu-dans-le-Rouge-Erey-Artiste-Peintre-450x450.jpg 450w, https:\/\/erey.fr\/wp-content\/uploads\/2018\/03\/Famille-Bleu-dans-le-Rouge-Erey-Artiste-Peintre-420x420.jpg 420w, https:\/\/erey.fr\/wp-content\/uploads\/2018\/03\/Famille-Bleu-dans-le-Rouge-Erey-Artiste-Peintre-600x600.jpg 600w, https:\/\/erey.fr\/wp-content\/uploads\/2018\/03\/Famille-Bleu-dans-le-Rouge-Erey-Artiste-Peintre-100x100.jpg 100w, https:\/\/erey.fr\/wp-content\/uploads\/2018\/03\/Famille-Bleu-dans-le-Rouge-Erey-Artiste-Peintre.jpg 800w\" sizes=\"(max-width: 300px) 100vw, 300px\" \/><\/a><div class=\"product-buttons-wrapper\"><div class=\"wc_inline_buttons\"><div class=\"wc_cart_btn_wrapper wc_btn_inline\"><a href=\"https:\/\/erey.fr\/en\/product\/famille\/\" data-quantity=\"1\" class=\"dt-sc-button too-small button product_type_simple\" data-product_id=\"14852\" data-product_sku=\"\" aria-label=\"Read more about \u201cFamille Tableau VENDU\u201d\" rel=\"nofollow\" data-no-translation=\"\" data-trp-gettext=\"\" data-no-translation-aria-label=\"\">Read more<\/a><\/div><\/div><\/div><a class=\"product-content\" href=\"https:\/\/erey.fr\/en\/product\/famille\/\" title=\"Famille Tableau VENDU\"> <\/a><\/div><div class='product-details'><h5><a href=\"https:\/\/erey.fr\/en\/product\/famille\/\">Famille Tableau VENDU<\/a><\/h5><span class=\"product-price\">\n<\/span><div class=\"product-rating-wrapper\"><div><\/div><\/div><\/div><\/li>\n<li class=\"product type-product post-15080 status-publish last instock product_cat-bleu-dans-le-rouge product_tag-acrylique-sur-toile-et-pigments-noirs product_tag-mesures-80cmx80cm has-post-thumbnail shipping-taxable purchasable product-type-simple\">\n\t<div class='dt-sc-one-fourth column  in-stock-product'><div class='product-wrapper'><div class='product-thumb'><a class=\"image\" href=\"https:\/\/erey.fr\/en\/product\/loeuf\/\" title=\"L&rsquo;oeuf\"><img width=\"300\" height=\"300\" src=\"https:\/\/erey.fr\/wp-content\/uploads\/2018\/03\/Loeuf-Bleu-dans-le-Rouge-Erey-Artiste-Peintre-300x300.jpg\" class=\"attachment-shop_catalog size-shop_catalog wp-post-image\" alt=\"\" loading=\"lazy\" srcset=\"https:\/\/erey.fr\/wp-content\/uploads\/2018\/03\/Loeuf-Bleu-dans-le-Rouge-Erey-Artiste-Peintre-300x300.jpg 300w, https:\/\/erey.fr\/wp-content\/uploads\/2018\/03\/Loeuf-Bleu-dans-le-Rouge-Erey-Artiste-Peintre-150x150.jpg 150w, https:\/\/erey.fr\/wp-content\/uploads\/2018\/03\/Loeuf-Bleu-dans-le-Rouge-Erey-Artiste-Peintre-768x768.jpg 768w, https:\/\/erey.fr\/wp-content\/uploads\/2018\/03\/Loeuf-Bleu-dans-le-Rouge-Erey-Artiste-Peintre-450x450.jpg 450w, https:\/\/erey.fr\/wp-content\/uploads\/2018\/03\/Loeuf-Bleu-dans-le-Rouge-Erey-Artiste-Peintre-420x420.jpg 420w, https:\/\/erey.fr\/wp-content\/uploads\/2018\/03\/Loeuf-Bleu-dans-le-Rouge-Erey-Artiste-Peintre-600x600.jpg 600w, https:\/\/erey.fr\/wp-content\/uploads\/2018\/03\/Loeuf-Bleu-dans-le-Rouge-Erey-Artiste-Peintre-100x100.jpg 100w, https:\/\/erey.fr\/wp-content\/uploads\/2018\/03\/Loeuf-Bleu-dans-le-Rouge-Erey-Artiste-Peintre.jpg 800w\" sizes=\"(max-width: 300px) 100vw, 300px\" \/><\/a><div class=\"product-buttons-wrapper\"><div class=\"wc_inline_buttons\"><div class=\"wc_cart_btn_wrapper wc_btn_inline\"><a href=\"?add-to-cart=15080\" data-quantity=\"1\" class=\"dt-sc-button too-small button product_type_simple add_to_cart_button ajax_add_to_cart\" data-product_id=\"15080\" data-product_sku=\"\" aria-label=\"Add \u201cL&#039;oeuf\u201d to your cart\" rel=\"nofollow\" data-no-translation=\"\" data-trp-gettext=\"\" data-no-translation-aria-label=\"\">Add to cart<\/a><\/div><\/div><\/div><a class=\"product-content\" href=\"https:\/\/erey.fr\/en\/product\/loeuf\/\" title=\"L&rsquo;oeuf\"> <\/a><\/div><div class='product-details'><h5><a href=\"https:\/\/erey.fr\/en\/product\/loeuf\/\">L'oeuf<\/a><\/h5><span class=\"product-price\">\n\t<span class=\"price\"><span class=\"woocommerce-Price-amount amount\"><bdi><span class=\"woocommerce-Price-currencySymbol\">&euro;<\/span>500.00<\/bdi><\/span><\/span>\n<\/span><div class=\"product-rating-wrapper\"><div><\/div><\/div><\/div><\/li>\n<li class=\"product type-product post-15078 status-publish first instock product_cat-bleu-dans-le-rouge product_tag-acrylique-sur-toile-et-pigments-noirs product_tag-mesures-80cmx80cm product_tag-tableau-vendu has-post-thumbnail shipping-taxable product-type-simple\">\n\t<div class='dt-sc-one-fourth column  in-stock-product'><div class='product-wrapper'><div class='product-thumb'><a class=\"image\" href=\"https:\/\/erey.fr\/en\/product\/coquillage\/\" title=\"Coquillage VENDU\"><img width=\"300\" height=\"300\" src=\"https:\/\/erey.fr\/wp-content\/uploads\/2018\/03\/Coquillage-Bleu-dans-le-Rouge-Erey-Artiste-Peintre-300x300.jpg\" class=\"attachment-shop_catalog size-shop_catalog wp-post-image\" alt=\"\" loading=\"lazy\" srcset=\"https:\/\/erey.fr\/wp-content\/uploads\/2018\/03\/Coquillage-Bleu-dans-le-Rouge-Erey-Artiste-Peintre-300x300.jpg 300w, https:\/\/erey.fr\/wp-content\/uploads\/2018\/03\/Coquillage-Bleu-dans-le-Rouge-Erey-Artiste-Peintre-150x150.jpg 150w, https:\/\/erey.fr\/wp-content\/uploads\/2018\/03\/Coquillage-Bleu-dans-le-Rouge-Erey-Artiste-Peintre-768x768.jpg 768w, https:\/\/erey.fr\/wp-content\/uploads\/2018\/03\/Coquillage-Bleu-dans-le-Rouge-Erey-Artiste-Peintre-450x450.jpg 450w, https:\/\/erey.fr\/wp-content\/uploads\/2018\/03\/Coquillage-Bleu-dans-le-Rouge-Erey-Artiste-Peintre-420x420.jpg 420w, https:\/\/erey.fr\/wp-content\/uploads\/2018\/03\/Coquillage-Bleu-dans-le-Rouge-Erey-Artiste-Peintre-600x600.jpg 600w, https:\/\/erey.fr\/wp-content\/uploads\/2018\/03\/Coquillage-Bleu-dans-le-Rouge-Erey-Artiste-Peintre-100x100.jpg 100w, https:\/\/erey.fr\/wp-content\/uploads\/2018\/03\/Coquillage-Bleu-dans-le-Rouge-Erey-Artiste-Peintre.jpg 800w\" sizes=\"(max-width: 300px) 100vw, 300px\" \/><\/a><div class=\"product-buttons-wrapper\"><div class=\"wc_inline_buttons\"><div class=\"wc_cart_btn_wrapper wc_btn_inline\"><a href=\"https:\/\/erey.fr\/en\/product\/coquillage\/\" data-quantity=\"1\" class=\"dt-sc-button too-small button product_type_simple\" data-product_id=\"15078\" data-product_sku=\"\" aria-label=\"Read more about \u201cCoquillage VENDU\u201d\" rel=\"nofollow\" data-no-translation=\"\" data-trp-gettext=\"\" data-no-translation-aria-label=\"\">Read more<\/a><\/div><\/div><\/div><a class=\"product-content\" href=\"https:\/\/erey.fr\/en\/product\/coquillage\/\" title=\"Coquillage VENDU\"> <\/a><\/div><div class='product-details'><h5><a href=\"https:\/\/erey.fr\/en\/product\/coquillage\/\">Coquillage VENDU<\/a><\/h5><span class=\"product-price\">\n<\/span><div class=\"product-rating-wrapper\"><div><\/div><\/div><\/div><\/li>\n<li class=\"product type-product post-15077 status-publish instock product_cat-bleu-dans-le-rouge product_tag-acrylique-sur-toile-et-pigments-noirs product_tag-mesures-80cmx80cm has-post-thumbnail shipping-taxable purchasable product-type-simple\">\n\t<div class='dt-sc-one-fourth column  in-stock-product'><div class='product-wrapper'><div class='product-thumb'><a class=\"image\" href=\"https:\/\/erey.fr\/en\/product\/anemone\/\" title=\"An\u00e9mone\"><img width=\"300\" height=\"300\" src=\"https:\/\/erey.fr\/wp-content\/uploads\/2018\/03\/Anemone-Bleu-dans-le-Rouge-Erey-Artiste-Peintre-300x300.jpg\" class=\"attachment-shop_catalog size-shop_catalog wp-post-image\" alt=\"\" loading=\"lazy\" srcset=\"https:\/\/erey.fr\/wp-content\/uploads\/2018\/03\/Anemone-Bleu-dans-le-Rouge-Erey-Artiste-Peintre-300x300.jpg 300w, https:\/\/erey.fr\/wp-content\/uploads\/2018\/03\/Anemone-Bleu-dans-le-Rouge-Erey-Artiste-Peintre-150x150.jpg 150w, https:\/\/erey.fr\/wp-content\/uploads\/2018\/03\/Anemone-Bleu-dans-le-Rouge-Erey-Artiste-Peintre-768x768.jpg 768w, https:\/\/erey.fr\/wp-content\/uploads\/2018\/03\/Anemone-Bleu-dans-le-Rouge-Erey-Artiste-Peintre-450x450.jpg 450w, https:\/\/erey.fr\/wp-content\/uploads\/2018\/03\/Anemone-Bleu-dans-le-Rouge-Erey-Artiste-Peintre-420x420.jpg 420w, https:\/\/erey.fr\/wp-content\/uploads\/2018\/03\/Anemone-Bleu-dans-le-Rouge-Erey-Artiste-Peintre-600x600.jpg 600w, https:\/\/erey.fr\/wp-content\/uploads\/2018\/03\/Anemone-Bleu-dans-le-Rouge-Erey-Artiste-Peintre-100x100.jpg 100w, https:\/\/erey.fr\/wp-content\/uploads\/2018\/03\/Anemone-Bleu-dans-le-Rouge-Erey-Artiste-Peintre.jpg 800w\" sizes=\"(max-width: 300px) 100vw, 300px\" \/><\/a><div class=\"product-buttons-wrapper\"><div class=\"wc_inline_buttons\"><div class=\"wc_cart_btn_wrapper wc_btn_inline\"><a href=\"?add-to-cart=15077\" data-quantity=\"1\" class=\"dt-sc-button too-small button product_type_simple add_to_cart_button ajax_add_to_cart\" data-product_id=\"15077\" data-product_sku=\"\" aria-label=\"Add \u201cAn\u00e9mone\u201d to your cart\" rel=\"nofollow\" data-no-translation=\"\" data-trp-gettext=\"\" data-no-translation-aria-label=\"\">Add to cart<\/a><\/div><\/div><\/div><a class=\"product-content\" href=\"https:\/\/erey.fr\/en\/product\/anemone\/\" title=\"An\u00e9mone\"> <\/a><\/div><div class='product-details'><h5><a href=\"https:\/\/erey.fr\/en\/product\/anemone\/\">An\u00e9mone<\/a><\/h5><span class=\"product-price\">\n\t<span class=\"price\"><span class=\"woocommerce-Price-amount amount\"><bdi><span class=\"woocommerce-Price-currencySymbol\">&euro;<\/span>500.00<\/bdi><\/span><\/span>\n<\/span><div class=\"product-rating-wrapper\"><div><\/div><\/div><\/div><\/li>\n<\/ul>\n<\/div><\/div><\/div><\/div><\/div>","protected":false},"excerpt":{"rendered":"<p>Bleu dans le rouge &#8211; Erey &#8211; Artiste Peintre Seyssins Le rouge orang\u00e9 s\u2019est invit\u00e9 comme une \u00e9vidence parce que c\u2019est la couleur compl\u00e9mentaire du bleu turquoise dans le cercle chromatique. Il m\u2019a rendu tr\u00e8s libre et heureuse dans ma peinture. J\u2019esp\u00e8re que ces tableaux vous mettront dans le m\u00eame \u00e9tat d\u2019esprit.<\/p>","protected":false},"author":1,"featured_media":14959,"comment_status":"open","ping_status":"open","sticky":false,"template":"","format":"standard","meta":[],"categories":[11],"tags":[84,85],"jetpack_featured_media_url":"https:\/\/erey.fr\/wp-content\/uploads\/2018\/03\/Papillon-de-Mer-Bleu-dans-le-Rouge-Erey-Artiste-Peintre.jpg","_links":{"self":[{"href":"https:\/\/erey.fr\/en\/wp-json\/wp\/v2\/posts\/14881"}],"collection":[{"href":"https:\/\/erey.fr\/en\/wp-json\/wp\/v2\/posts"}],"about":[{"href":"https:\/\/erey.fr\/en\/wp-json\/wp\/v2\/types\/post"}],"author":[{"embeddable":true,"href":"https:\/\/erey.fr\/en\/wp-json\/wp\/v2\/users\/1"}],"replies":[{"embeddable":true,"href":"https:\/\/erey.fr\/en\/wp-json\/wp\/v2\/comments?post=14881"}],"version-history":[{"count":18,"href":"https:\/\/erey.fr\/en\/wp-json\/wp\/v2\/posts\/14881\/revisions"}],"predecessor-version":[{"id":14977,"href":"https:\/\/erey.fr\/en\/wp-json\/wp\/v2\/posts\/14881\/revisions\/14977"}],"wp:featuredmedia":[{"embeddable":true,"href":"https:\/\/erey.fr\/en\/wp-json\/wp\/v2\/media\/14959"}],"wp:attachment":[{"href":"https:\/\/erey.fr\/en\/wp-json\/wp\/v2\/media?parent=14881"}],"wp:term":[{"taxonomy":"category","embeddable":true,"href":"https:\/\/erey.fr\/en\/wp-json\/wp\/v2\/categories?post=14881"},{"taxonomy":"post_tag","embeddable":true,"href":"https:\/\/erey.fr\/en\/wp-json\/wp\/v2\/tags?post=14881"}],"curies":[{"name":"wp","href":"https:\/\/api.w.org\/{rel}","templated":true}]}}