{"id":14869,"date":"2018-04-05T12:33:34","date_gmt":"2018-04-05T10:33:34","guid":{"rendered":"http:\/\/erey.fr\/?p=14869"},"modified":"2018-04-06T13:13:20","modified_gmt":"2018-04-06T11:13:20","slug":"abstraction-spatiale","status":"publish","type":"post","link":"https:\/\/erey.fr\/en\/abstraction-spatiale\/","title":{"rendered":"Abstraction Spatiale"},"content":{"rendered":"<div class=\"vc_row wpb_row vc_row-fluid\"><div class=\"wpb_column vc_column_container vc_col-sm-12\"><div class=\"vc_column-inner\"><div class=\"wpb_wrapper\">\r\n\t<div class=\"wpb_text_column wpb_content_element\" >\r\n\t\t<div class=\"wpb_wrapper\">\r\n\t\t\t<h1>Abstraction Spatiale &#8211; Erey &#8211; Artiste Peintre Seyssins<\/h1>\n<h3>L\u2019Espace est une grande source d\u2019\u00e9tonnement, de contemplation et de r\u00eave pour moi. Les notions tr\u00e8s abstraites de mati\u00e8re noire, d\u2019anti-\u00e9nergie et la th\u00e9orie des cordes sont tr\u00e8s inspirantes m\u00eame si ces th\u00e9ories sont complexes et que je n\u2019ai pas toute les connaissances math\u00e9matiques et scientifique pour .les comprendre.<br \/>\nLa mati\u00e8re noire, parfois aussi nomm\u00e9e de fa\u00e7on plus r\u00e9aliste mati\u00e8re transparente, d\u00e9signe une cat\u00e9gorie de mati\u00e8re hypoth\u00e9tique, invoqu\u00e9e pour rendre compte d&rsquo;observations astrophysiques, notamment les estimations de la masse des galaxies ou des amas de galaxies et les propri\u00e9t\u00e9s des fluctuations du fond diffus cosmologique. Cette hypoth\u00e8se m\u2019a transport\u00e9 vers ces toiles. Je vous laisse le loisir d\u2019imaginer, de regarder et peut-\u00eatre de vous perdre un peu.<\/h3>\n<p><!--more--><\/p>\n\r\n\t\t<\/div>\r\n\t<\/div>\r\n<!-- vc_grid start -->\n<div class=\"vc_grid-container-wrapper vc_clearfix\" >\n\t<div class=\"vc_grid-container vc_clearfix wpb_content_element vc_masonry_media_grid\" data-initial-loading-animation=\"zoomIn\" data-vc-grid-settings=\"{&quot;page_id&quot;:14869,&quot;style&quot;:&quot;all-masonry&quot;,&quot;action&quot;:&quot;vc_get_vc_grid_data&quot;,&quot;shortcode_id&quot;:&quot;{\\&quot;failed_to_get_id\\&quot;:\\&quot;vc_gid:1523013133147-0b37c842-385b-1\\&quot;}&quot;,&quot;tag&quot;:&quot;vc_masonry_media_grid&quot;}\" data-vc-request=\"https:\/\/erey.fr\/wp-admin\/admin-ajax.php\" data-vc-post-id=\"14869\" data-vc-public-nonce=\"cb36e61798\">\n\t<\/div>\n<\/div><!-- vc_grid end -->\n<div class=\"woocommerce columns-4\"><ul class=\"products columns-4\">\n<li class=\"product type-product post-14739 status-publish first instock product_cat-abstraction-spatiale product_tag-acrylique-sur-toile-et-pigments-noirs product_tag-mesures-60cmx80cm has-post-thumbnail sale shipping-taxable purchasable product-type-simple\">\n\t<div class='dt-sc-one-fourth column  on-sale-product  in-stock-product'><div class='product-wrapper'><span class=\"onsale\"><span>Sale<\/span><\/span><div class='product-thumb'><a class=\"image\" href=\"https:\/\/erey.fr\/en\/product\/forme-spatiale-5\/\" title=\"Forme Spatiale 1\"><img width=\"300\" height=\"300\" src=\"https:\/\/erey.fr\/wp-content\/uploads\/2018\/04\/Forme-spatiale-1-300x300.jpg\" class=\"attachment-shop_catalog size-shop_catalog wp-post-image\" alt=\"\" loading=\"lazy\" srcset=\"https:\/\/erey.fr\/wp-content\/uploads\/2018\/04\/Forme-spatiale-1-300x300.jpg 300w, https:\/\/erey.fr\/wp-content\/uploads\/2018\/04\/Forme-spatiale-1-150x150.jpg 150w, https:\/\/erey.fr\/wp-content\/uploads\/2018\/04\/Forme-spatiale-1-450x450.jpg 450w, https:\/\/erey.fr\/wp-content\/uploads\/2018\/04\/Forme-spatiale-1-420x420.jpg 420w, https:\/\/erey.fr\/wp-content\/uploads\/2018\/04\/Forme-spatiale-1-100x100.jpg 100w\" sizes=\"(max-width: 300px) 100vw, 300px\" \/><\/a><div class=\"product-buttons-wrapper\"><div class=\"wc_inline_buttons\"><div class=\"wc_cart_btn_wrapper wc_btn_inline\"><a href=\"?add-to-cart=14739\" data-quantity=\"1\" class=\"dt-sc-button too-small button product_type_simple add_to_cart_button ajax_add_to_cart\" data-product_id=\"14739\" data-product_sku=\"\" aria-label=\"Add \u201cForme Spatiale 1\u201d to your cart\" rel=\"nofollow\" data-no-translation=\"\" data-trp-gettext=\"\" data-no-translation-aria-label=\"\">Add to cart<\/a><\/div><\/div><\/div><a class=\"product-content\" href=\"https:\/\/erey.fr\/en\/product\/forme-spatiale-5\/\" title=\"Forme Spatiale 1\"> <\/a><\/div><div class='product-details'><h5><a href=\"https:\/\/erey.fr\/en\/product\/forme-spatiale-5\/\">Forme Spatiale 1<\/a><\/h5><span class=\"product-price\">\n\t<span class=\"price\"><del><span class=\"woocommerce-Price-amount amount\"><bdi><span class=\"woocommerce-Price-currencySymbol\">&euro;<\/span>300.00<\/bdi><\/span><\/del> <ins><span class=\"woocommerce-Price-amount amount\"><bdi><span class=\"woocommerce-Price-currencySymbol\">&euro;<\/span>150.00<\/bdi><\/span><\/ins><\/span>\n<\/span><div class=\"product-rating-wrapper\"><div><\/div><\/div><\/div><\/li>\n<li class=\"product type-product post-15084 status-publish outofstock product_cat-abstraction-spatiale product_tag-acrylique-sur-toile-et-pigments-noirs product_tag-mesures-60cmx80cm has-post-thumbnail sale shipping-taxable purchasable product-type-simple\">\n\t<div class='dt-sc-one-fourth column  on-sale-product  out-of-stock-product'><div class='product-wrapper'><span class=\"out-of-stock\"><span>Out of Stock<\/span><\/span><div class='product-thumb'><a class=\"image\" href=\"https:\/\/erey.fr\/en\/product\/forme-spatiale-2-vendu\/\" title=\"Forme Spatiale 2 Vendu\"><img width=\"300\" height=\"300\" src=\"https:\/\/erey.fr\/wp-content\/uploads\/2018\/04\/Forme-spatiale-2-300x300.jpg\" class=\"attachment-shop_catalog size-shop_catalog wp-post-image\" alt=\"\" loading=\"lazy\" srcset=\"https:\/\/erey.fr\/wp-content\/uploads\/2018\/04\/Forme-spatiale-2-300x300.jpg 300w, https:\/\/erey.fr\/wp-content\/uploads\/2018\/04\/Forme-spatiale-2-150x150.jpg 150w, https:\/\/erey.fr\/wp-content\/uploads\/2018\/04\/Forme-spatiale-2-450x450.jpg 450w, https:\/\/erey.fr\/wp-content\/uploads\/2018\/04\/Forme-spatiale-2-420x420.jpg 420w, https:\/\/erey.fr\/wp-content\/uploads\/2018\/04\/Forme-spatiale-2-100x100.jpg 100w\" sizes=\"(max-width: 300px) 100vw, 300px\" \/><\/a><div class=\"product-buttons-wrapper\"><div class=\"wc_inline_buttons\"><div class=\"wc_cart_btn_wrapper wc_btn_inline\"><a href=\"https:\/\/erey.fr\/en\/product\/forme-spatiale-2-vendu\/\" data-quantity=\"1\" class=\"dt-sc-button too-small button product_type_simple\" data-product_id=\"15084\" data-product_sku=\"\" aria-label=\"Read more about \u201cForme Spatiale 2 Vendu\u201d\" rel=\"nofollow\" data-no-translation=\"\" data-trp-gettext=\"\" data-no-translation-aria-label=\"\">Read more<\/a><\/div><\/div><\/div><a class=\"product-content\" href=\"https:\/\/erey.fr\/en\/product\/forme-spatiale-2-vendu\/\" title=\"Forme Spatiale 2 Vendu\"> <\/a><\/div><div class='product-details'><h5><a href=\"https:\/\/erey.fr\/en\/product\/forme-spatiale-2-vendu\/\">Forme Spatiale 2 Vendu<\/a><\/h5><span class=\"product-price\">\n\t<span class=\"price\"><del><span class=\"woocommerce-Price-amount amount\"><bdi><span class=\"woocommerce-Price-currencySymbol\">&euro;<\/span>300.00<\/bdi><\/span><\/del> <ins><span class=\"woocommerce-Price-amount amount\"><bdi><span class=\"woocommerce-Price-currencySymbol\">&euro;<\/span>150.00<\/bdi><\/span><\/ins><\/span>\n<\/span><div class=\"product-rating-wrapper\"><div><\/div><\/div><\/div><\/li>\n<li class=\"product type-product post-15085 status-publish outofstock product_cat-abstraction-spatiale product_tag-acrylique-sur-toile-et-pigments-noirs product_tag-mesures-60cmx80cm has-post-thumbnail sale shipping-taxable purchasable product-type-simple\">\n\t<div class='dt-sc-one-fourth column  on-sale-product  out-of-stock-product'><div class='product-wrapper'><span class=\"out-of-stock\"><span>Out of Stock<\/span><\/span><div class='product-thumb'><a class=\"image\" href=\"https:\/\/erey.fr\/en\/product\/forme-spatiale-3-vendu\/\" title=\"Forme Spatiale 3 Vendu\"><img width=\"300\" height=\"300\" src=\"https:\/\/erey.fr\/wp-content\/uploads\/2018\/04\/Forme-spatiale-3-300x300.jpg\" class=\"attachment-shop_catalog size-shop_catalog wp-post-image\" alt=\"\" loading=\"lazy\" srcset=\"https:\/\/erey.fr\/wp-content\/uploads\/2018\/04\/Forme-spatiale-3-300x300.jpg 300w, https:\/\/erey.fr\/wp-content\/uploads\/2018\/04\/Forme-spatiale-3-150x150.jpg 150w, https:\/\/erey.fr\/wp-content\/uploads\/2018\/04\/Forme-spatiale-3-450x450.jpg 450w, https:\/\/erey.fr\/wp-content\/uploads\/2018\/04\/Forme-spatiale-3-420x420.jpg 420w, https:\/\/erey.fr\/wp-content\/uploads\/2018\/04\/Forme-spatiale-3-100x100.jpg 100w\" sizes=\"(max-width: 300px) 100vw, 300px\" \/><\/a><div class=\"product-buttons-wrapper\"><div class=\"wc_inline_buttons\"><div class=\"wc_cart_btn_wrapper wc_btn_inline\"><a href=\"https:\/\/erey.fr\/en\/product\/forme-spatiale-3-vendu\/\" data-quantity=\"1\" class=\"dt-sc-button too-small button product_type_simple\" data-product_id=\"15085\" data-product_sku=\"\" aria-label=\"Read more about \u201cForme Spatiale 3 Vendu\u201d\" rel=\"nofollow\" data-no-translation=\"\" data-trp-gettext=\"\" data-no-translation-aria-label=\"\">Read more<\/a><\/div><\/div><\/div><a class=\"product-content\" href=\"https:\/\/erey.fr\/en\/product\/forme-spatiale-3-vendu\/\" title=\"Forme Spatiale 3 Vendu\"> <\/a><\/div><div class='product-details'><h5><a href=\"https:\/\/erey.fr\/en\/product\/forme-spatiale-3-vendu\/\">Forme Spatiale 3 Vendu<\/a><\/h5><span class=\"product-price\">\n\t<span class=\"price\"><del><span class=\"woocommerce-Price-amount amount\"><bdi><span class=\"woocommerce-Price-currencySymbol\">&euro;<\/span>300.00<\/bdi><\/span><\/del> <ins><span class=\"woocommerce-Price-amount amount\"><bdi><span class=\"woocommerce-Price-currencySymbol\">&euro;<\/span>150.00<\/bdi><\/span><\/ins><\/span>\n<\/span><div class=\"product-rating-wrapper\"><div><\/div><\/div><\/div><\/li>\n<li class=\"product type-product post-15086 status-publish last instock product_cat-abstraction-spatiale product_tag-acrylique-sur-toile-de-jute-et-pigments-noirs product_tag-mesures-100cmx100cm has-post-thumbnail shipping-taxable purchasable product-type-simple\">\n\t<div class='dt-sc-one-fourth column  in-stock-product'><div class='product-wrapper'><div class='product-thumb'><a class=\"image\" href=\"https:\/\/erey.fr\/en\/product\/masque\/\" title=\"Masque\"><img width=\"300\" height=\"300\" src=\"https:\/\/erey.fr\/wp-content\/uploads\/2018\/04\/Masque-300x300.jpg\" class=\"attachment-shop_catalog size-shop_catalog wp-post-image\" alt=\"\" loading=\"lazy\" srcset=\"https:\/\/erey.fr\/wp-content\/uploads\/2018\/04\/Masque-300x300.jpg 300w, https:\/\/erey.fr\/wp-content\/uploads\/2018\/04\/Masque-150x150.jpg 150w, https:\/\/erey.fr\/wp-content\/uploads\/2018\/04\/Masque-768x768.jpg 768w, https:\/\/erey.fr\/wp-content\/uploads\/2018\/04\/Masque-450x450.jpg 450w, https:\/\/erey.fr\/wp-content\/uploads\/2018\/04\/Masque-420x420.jpg 420w, https:\/\/erey.fr\/wp-content\/uploads\/2018\/04\/Masque-600x600.jpg 600w, https:\/\/erey.fr\/wp-content\/uploads\/2018\/04\/Masque-100x100.jpg 100w, https:\/\/erey.fr\/wp-content\/uploads\/2018\/04\/Masque.jpg 800w\" sizes=\"(max-width: 300px) 100vw, 300px\" \/><\/a><div class=\"product-buttons-wrapper\"><div class=\"wc_inline_buttons\"><div class=\"wc_cart_btn_wrapper wc_btn_inline\"><a href=\"?add-to-cart=15086\" data-quantity=\"1\" class=\"dt-sc-button too-small button product_type_simple add_to_cart_button ajax_add_to_cart\" data-product_id=\"15086\" data-product_sku=\"\" aria-label=\"Add \u201cMasque\u201d to your cart\" rel=\"nofollow\" data-no-translation=\"\" data-trp-gettext=\"\" data-no-translation-aria-label=\"\">Add to cart<\/a><\/div><\/div><\/div><a class=\"product-content\" href=\"https:\/\/erey.fr\/en\/product\/masque\/\" title=\"Masque\"> <\/a><\/div><div class='product-details'><h5><a href=\"https:\/\/erey.fr\/en\/product\/masque\/\">Masque<\/a><\/h5><span class=\"product-price\">\n\t<span class=\"price\"><span class=\"woocommerce-Price-amount amount\"><bdi><span class=\"woocommerce-Price-currencySymbol\">&euro;<\/span>600.00<\/bdi><\/span><\/span>\n<\/span><div class=\"product-rating-wrapper\"><div><\/div><\/div><\/div><\/li>\n<li class=\"product type-product post-15087 status-publish first instock product_cat-abstraction-spatiale product_tag-acrylique-sur-toile-de-jute-et-pigments-noirs product_tag-mesures-100cmx100cm has-post-thumbnail shipping-taxable purchasable product-type-simple\">\n\t<div class='dt-sc-one-fourth column  in-stock-product'><div class='product-wrapper'><div class='product-thumb'><a class=\"image\" href=\"https:\/\/erey.fr\/en\/product\/matiere-et-vide\/\" title=\"Mati\u00e8re et vide\"><img width=\"300\" height=\"300\" src=\"https:\/\/erey.fr\/wp-content\/uploads\/2018\/04\/Mati\u00e8re-et-vide-300x300.jpg\" class=\"attachment-shop_catalog size-shop_catalog wp-post-image\" alt=\"\" loading=\"lazy\" srcset=\"https:\/\/erey.fr\/wp-content\/uploads\/2018\/04\/Mati\u00e8re-et-vide-300x300.jpg 300w, https:\/\/erey.fr\/wp-content\/uploads\/2018\/04\/Mati\u00e8re-et-vide-150x150.jpg 150w, https:\/\/erey.fr\/wp-content\/uploads\/2018\/04\/Mati\u00e8re-et-vide-768x768.jpg 768w, https:\/\/erey.fr\/wp-content\/uploads\/2018\/04\/Mati\u00e8re-et-vide-450x450.jpg 450w, https:\/\/erey.fr\/wp-content\/uploads\/2018\/04\/Mati\u00e8re-et-vide-420x420.jpg 420w, https:\/\/erey.fr\/wp-content\/uploads\/2018\/04\/Mati\u00e8re-et-vide-600x600.jpg 600w, https:\/\/erey.fr\/wp-content\/uploads\/2018\/04\/Mati\u00e8re-et-vide-100x100.jpg 100w, https:\/\/erey.fr\/wp-content\/uploads\/2018\/04\/Mati\u00e8re-et-vide.jpg 800w\" sizes=\"(max-width: 300px) 100vw, 300px\" \/><\/a><div class=\"product-buttons-wrapper\"><div class=\"wc_inline_buttons\"><div class=\"wc_cart_btn_wrapper wc_btn_inline\"><a href=\"?add-to-cart=15087\" data-quantity=\"1\" class=\"dt-sc-button too-small button product_type_simple add_to_cart_button ajax_add_to_cart\" data-product_id=\"15087\" data-product_sku=\"\" aria-label=\"Add \u201cMati\u00e8re et vide\u201d to your cart\" rel=\"nofollow\" data-no-translation=\"\" data-trp-gettext=\"\" data-no-translation-aria-label=\"\">Add to cart<\/a><\/div><\/div><\/div><a class=\"product-content\" href=\"https:\/\/erey.fr\/en\/product\/matiere-et-vide\/\" title=\"Mati\u00e8re et vide\"> <\/a><\/div><div class='product-details'><h5><a href=\"https:\/\/erey.fr\/en\/product\/matiere-et-vide\/\">Mati\u00e8re et vide<\/a><\/h5><span class=\"product-price\">\n\t<span class=\"price\"><span class=\"woocommerce-Price-amount amount\"><bdi><span class=\"woocommerce-Price-currencySymbol\">&euro;<\/span>600.00<\/bdi><\/span><\/span>\n<\/span><div class=\"product-rating-wrapper\"><div><\/div><\/div><\/div><\/li>\n<li class=\"product type-product post-15088 status-publish instock product_cat-abstraction-spatiale product_tag-acrylique-sur-toile-de-jute-et-pigments-noirs product_tag-mesures-100cmx100cm has-post-thumbnail shipping-taxable purchasable product-type-simple\">\n\t<div class='dt-sc-one-fourth column  in-stock-product'><div class='product-wrapper'><div class='product-thumb'><a class=\"image\" href=\"https:\/\/erey.fr\/en\/product\/matiere-et-vide-copie\/\" title=\"Mati\u00e8re et vide 2\"><img width=\"300\" height=\"300\" src=\"https:\/\/erey.fr\/wp-content\/uploads\/2018\/04\/Mati\u00e8re-et-vide2-300x300.jpg\" class=\"attachment-shop_catalog size-shop_catalog wp-post-image\" alt=\"\" loading=\"lazy\" srcset=\"https:\/\/erey.fr\/wp-content\/uploads\/2018\/04\/Mati\u00e8re-et-vide2-300x300.jpg 300w, https:\/\/erey.fr\/wp-content\/uploads\/2018\/04\/Mati\u00e8re-et-vide2-150x150.jpg 150w, https:\/\/erey.fr\/wp-content\/uploads\/2018\/04\/Mati\u00e8re-et-vide2-768x768.jpg 768w, https:\/\/erey.fr\/wp-content\/uploads\/2018\/04\/Mati\u00e8re-et-vide2-450x450.jpg 450w, https:\/\/erey.fr\/wp-content\/uploads\/2018\/04\/Mati\u00e8re-et-vide2-420x420.jpg 420w, https:\/\/erey.fr\/wp-content\/uploads\/2018\/04\/Mati\u00e8re-et-vide2-600x600.jpg 600w, https:\/\/erey.fr\/wp-content\/uploads\/2018\/04\/Mati\u00e8re-et-vide2-100x100.jpg 100w, https:\/\/erey.fr\/wp-content\/uploads\/2018\/04\/Mati\u00e8re-et-vide2.jpg 800w\" sizes=\"(max-width: 300px) 100vw, 300px\" \/><\/a><div class=\"product-buttons-wrapper\"><div class=\"wc_inline_buttons\"><div class=\"wc_cart_btn_wrapper wc_btn_inline\"><a href=\"?add-to-cart=15088\" data-quantity=\"1\" class=\"dt-sc-button too-small button product_type_simple add_to_cart_button ajax_add_to_cart\" data-product_id=\"15088\" data-product_sku=\"\" aria-label=\"Add \u201cMati\u00e8re et vide 2\u201d to your cart\" rel=\"nofollow\" data-no-translation=\"\" data-trp-gettext=\"\" data-no-translation-aria-label=\"\">Add to cart<\/a><\/div><\/div><\/div><a class=\"product-content\" href=\"https:\/\/erey.fr\/en\/product\/matiere-et-vide-copie\/\" title=\"Mati\u00e8re et vide 2\"> <\/a><\/div><div class='product-details'><h5><a href=\"https:\/\/erey.fr\/en\/product\/matiere-et-vide-copie\/\">Mati\u00e8re et vide 2<\/a><\/h5><span class=\"product-price\">\n\t<span class=\"price\"><span class=\"woocommerce-Price-amount amount\"><bdi><span class=\"woocommerce-Price-currencySymbol\">&euro;<\/span>600.00<\/bdi><\/span><\/span>\n<\/span><div class=\"product-rating-wrapper\"><div><\/div><\/div><\/div><\/li>\n<li class=\"product type-product post-15089 status-publish instock product_cat-abstraction-spatiale product_tag-acrylique-sur-toile-de-jute-et-pigments-noirs product_tag-mesures-100cmx100cm has-post-thumbnail shipping-taxable purchasable product-type-simple\">\n\t<div class='dt-sc-one-fourth column  in-stock-product'><div class='product-wrapper'><div class='product-thumb'><a class=\"image\" href=\"https:\/\/erey.fr\/en\/product\/matiere-et-vide-2-copie\/\" title=\"Mati\u00e8re et vide 3\"><img width=\"300\" height=\"300\" src=\"https:\/\/erey.fr\/wp-content\/uploads\/2018\/04\/Mati\u00e8re-et-vide3-300x300.jpg\" class=\"attachment-shop_catalog size-shop_catalog wp-post-image\" alt=\"\" loading=\"lazy\" srcset=\"https:\/\/erey.fr\/wp-content\/uploads\/2018\/04\/Mati\u00e8re-et-vide3-300x300.jpg 300w, https:\/\/erey.fr\/wp-content\/uploads\/2018\/04\/Mati\u00e8re-et-vide3-150x150.jpg 150w, https:\/\/erey.fr\/wp-content\/uploads\/2018\/04\/Mati\u00e8re-et-vide3-768x768.jpg 768w, https:\/\/erey.fr\/wp-content\/uploads\/2018\/04\/Mati\u00e8re-et-vide3-450x450.jpg 450w, https:\/\/erey.fr\/wp-content\/uploads\/2018\/04\/Mati\u00e8re-et-vide3-420x420.jpg 420w, https:\/\/erey.fr\/wp-content\/uploads\/2018\/04\/Mati\u00e8re-et-vide3-600x600.jpg 600w, https:\/\/erey.fr\/wp-content\/uploads\/2018\/04\/Mati\u00e8re-et-vide3-100x100.jpg 100w, https:\/\/erey.fr\/wp-content\/uploads\/2018\/04\/Mati\u00e8re-et-vide3.jpg 800w\" sizes=\"(max-width: 300px) 100vw, 300px\" \/><\/a><div class=\"product-buttons-wrapper\"><div class=\"wc_inline_buttons\"><div class=\"wc_cart_btn_wrapper wc_btn_inline\"><a href=\"?add-to-cart=15089\" data-quantity=\"1\" class=\"dt-sc-button too-small button product_type_simple add_to_cart_button ajax_add_to_cart\" data-product_id=\"15089\" data-product_sku=\"\" aria-label=\"Add \u201cMati\u00e8re et vide 3\u201d to your cart\" rel=\"nofollow\" data-no-translation=\"\" data-trp-gettext=\"\" data-no-translation-aria-label=\"\">Add to cart<\/a><\/div><\/div><\/div><a class=\"product-content\" href=\"https:\/\/erey.fr\/en\/product\/matiere-et-vide-2-copie\/\" title=\"Mati\u00e8re et vide 3\"> <\/a><\/div><div class='product-details'><h5><a href=\"https:\/\/erey.fr\/en\/product\/matiere-et-vide-2-copie\/\">Mati\u00e8re et vide 3<\/a><\/h5><span class=\"product-price\">\n\t<span class=\"price\"><span class=\"woocommerce-Price-amount amount\"><bdi><span class=\"woocommerce-Price-currencySymbol\">&euro;<\/span>600.00<\/bdi><\/span><\/span>\n<\/span><div class=\"product-rating-wrapper\"><div><\/div><\/div><\/div><\/li>\n<li class=\"product type-product post-15090 status-publish last instock product_cat-abstraction-spatiale product_tag-acrylique-sur-toile-de-jute-et-pigments-noirs product_tag-mesures-100cmx100cm has-post-thumbnail shipping-taxable purchasable product-type-simple\">\n\t<div class='dt-sc-one-fourth column  in-stock-product'><div class='product-wrapper'><div class='product-thumb'><a class=\"image\" href=\"https:\/\/erey.fr\/en\/product\/matiere-et-vide-4\/\" title=\"Mati\u00e8re et vide 4\"><img width=\"300\" height=\"300\" src=\"https:\/\/erey.fr\/wp-content\/uploads\/2018\/04\/Mati\u00e8re-et-vide4-300x300.jpg\" class=\"attachment-shop_catalog size-shop_catalog wp-post-image\" alt=\"\" loading=\"lazy\" srcset=\"https:\/\/erey.fr\/wp-content\/uploads\/2018\/04\/Mati\u00e8re-et-vide4-300x300.jpg 300w, https:\/\/erey.fr\/wp-content\/uploads\/2018\/04\/Mati\u00e8re-et-vide4-150x150.jpg 150w, https:\/\/erey.fr\/wp-content\/uploads\/2018\/04\/Mati\u00e8re-et-vide4-768x768.jpg 768w, https:\/\/erey.fr\/wp-content\/uploads\/2018\/04\/Mati\u00e8re-et-vide4-450x450.jpg 450w, https:\/\/erey.fr\/wp-content\/uploads\/2018\/04\/Mati\u00e8re-et-vide4-420x420.jpg 420w, https:\/\/erey.fr\/wp-content\/uploads\/2018\/04\/Mati\u00e8re-et-vide4-600x600.jpg 600w, https:\/\/erey.fr\/wp-content\/uploads\/2018\/04\/Mati\u00e8re-et-vide4-100x100.jpg 100w, https:\/\/erey.fr\/wp-content\/uploads\/2018\/04\/Mati\u00e8re-et-vide4.jpg 800w\" sizes=\"(max-width: 300px) 100vw, 300px\" \/><\/a><div class=\"product-buttons-wrapper\"><div class=\"wc_inline_buttons\"><div class=\"wc_cart_btn_wrapper wc_btn_inline\"><a href=\"?add-to-cart=15090\" data-quantity=\"1\" class=\"dt-sc-button too-small button product_type_simple add_to_cart_button ajax_add_to_cart\" data-product_id=\"15090\" data-product_sku=\"\" aria-label=\"Add \u201cMati\u00e8re et vide 4\u201d to your cart\" rel=\"nofollow\" data-no-translation=\"\" data-trp-gettext=\"\" data-no-translation-aria-label=\"\">Add to cart<\/a><\/div><\/div><\/div><a class=\"product-content\" href=\"https:\/\/erey.fr\/en\/product\/matiere-et-vide-4\/\" title=\"Mati\u00e8re et vide 4\"> <\/a><\/div><div class='product-details'><h5><a href=\"https:\/\/erey.fr\/en\/product\/matiere-et-vide-4\/\">Mati\u00e8re et vide 4<\/a><\/h5><span class=\"product-price\">\n\t<span class=\"price\"><span class=\"woocommerce-Price-amount amount\"><bdi><span class=\"woocommerce-Price-currencySymbol\">&euro;<\/span>600.00<\/bdi><\/span><\/span>\n<\/span><div class=\"product-rating-wrapper\"><div><\/div><\/div><\/div><\/li>\n<\/ul>\n<\/div><\/div><\/div><\/div><\/div>","protected":false},"excerpt":{"rendered":"<p>Abstraction Spatiale &#8211; Erey &#8211; Artiste Peintre Seyssins L\u2019Espace est une grande source d\u2019\u00e9tonnement, de contemplation et de r\u00eave pour moi. Les notions tr\u00e8s abstraites de mati\u00e8re noire, d\u2019anti-\u00e9nergie et la th\u00e9orie des cordes sont tr\u00e8s inspirantes m\u00eame si ces th\u00e9ories sont complexes et que je n\u2019ai pas toute les connaissances math\u00e9matiques et scientifique pour [&hellip;]<\/p>","protected":false},"author":1,"featured_media":14983,"comment_status":"open","ping_status":"open","sticky":false,"template":"","format":"standard","meta":[],"categories":[11],"tags":[80],"jetpack_featured_media_url":"https:\/\/erey.fr\/wp-content\/uploads\/2018\/04\/Masque.jpg","_links":{"self":[{"href":"https:\/\/erey.fr\/en\/wp-json\/wp\/v2\/posts\/14869"}],"collection":[{"href":"https:\/\/erey.fr\/en\/wp-json\/wp\/v2\/posts"}],"about":[{"href":"https:\/\/erey.fr\/en\/wp-json\/wp\/v2\/types\/post"}],"author":[{"embeddable":true,"href":"https:\/\/erey.fr\/en\/wp-json\/wp\/v2\/users\/1"}],"replies":[{"embeddable":true,"href":"https:\/\/erey.fr\/en\/wp-json\/wp\/v2\/comments?post=14869"}],"version-history":[{"count":7,"href":"https:\/\/erey.fr\/en\/wp-json\/wp\/v2\/posts\/14869\/revisions"}],"predecessor-version":[{"id":14997,"href":"https:\/\/erey.fr\/en\/wp-json\/wp\/v2\/posts\/14869\/revisions\/14997"}],"wp:featuredmedia":[{"embeddable":true,"href":"https:\/\/erey.fr\/en\/wp-json\/wp\/v2\/media\/14983"}],"wp:attachment":[{"href":"https:\/\/erey.fr\/en\/wp-json\/wp\/v2\/media?parent=14869"}],"wp:term":[{"taxonomy":"category","embeddable":true,"href":"https:\/\/erey.fr\/en\/wp-json\/wp\/v2\/categories?post=14869"},{"taxonomy":"post_tag","embeddable":true,"href":"https:\/\/erey.fr\/en\/wp-json\/wp\/v2\/tags?post=14869"}],"curies":[{"name":"wp","href":"https:\/\/api.w.org\/{rel}","templated":true}]}}